{"id":32695,"date":"2021-10-13T17:47:52","date_gmt":"2021-10-13T20:47:52","guid":{"rendered":"https:\/\/cbm.ssp.ma.gov.br\/?p=32695"},"modified":"2021-10-13T17:47:52","modified_gmt":"2021-10-13T20:47:52","slug":"associacao-de-oficiais-promove-festa-no-dia-das-criancas","status":"publish","type":"post","link":"https:\/\/cbm.ssp.ma.gov.br\/2021\/10\/13\/associacao-de-oficiais-promove-festa-no-dia-das-criancas\/","title":{"rendered":"ASSOCIA\u00c7\u00c3O DE OFICIAIS PROMOVE FESTA NO DIA DAS CRIAN\u00c7AS"},"content":{"rendered":"<p><img loading=\"lazy\" decoding=\"async\" class=\"alignnone size-medium wp-image-32700\" src=\"https:\/\/cbm.ssp.ma.gov.br\/wp-content\/uploads\/2021\/10\/WhatsApp-Image-2021-10-13-at-17.40.36-300x225.jpeg\" alt=\"\" width=\"300\" height=\"225\" srcset=\"https:\/\/cbm.ssp.ma.gov.br\/wp-content\/uploads\/2021\/10\/WhatsApp-Image-2021-10-13-at-17.40.36-300x225.jpeg 300w, https:\/\/cbm.ssp.ma.gov.br\/wp-content\/uploads\/2021\/10\/WhatsApp-Image-2021-10-13-at-17.40.36-1024x768.jpeg 1024w, https:\/\/cbm.ssp.ma.gov.br\/wp-content\/uploads\/2021\/10\/WhatsApp-Image-2021-10-13-at-17.40.36-768x576.jpeg 768w, https:\/\/cbm.ssp.ma.gov.br\/wp-content\/uploads\/2021\/10\/WhatsApp-Image-2021-10-13-at-17.40.36-1536x1152.jpeg 1536w, https:\/\/cbm.ssp.ma.gov.br\/wp-content\/uploads\/2021\/10\/WhatsApp-Image-2021-10-13-at-17.40.36-86x64.jpeg 86w, https:\/\/cbm.ssp.ma.gov.br\/wp-content\/uploads\/2021\/10\/WhatsApp-Image-2021-10-13-at-17.40.36.jpeg 1600w\" sizes=\"auto, (max-width: 300px) 100vw, 300px\" \/><\/p>\n<p style=\"text-align: justify;\">Na manh\u00e3 desta ter\u00e7a, (12), o Corpo de Bombeiros Militar do Maranh\u00e3o (CBMMA) promoveu uma manh\u00e3 muito especial no dia das crian\u00e7as. Na associa\u00e7\u00e3o de oficiais dos bombeiros militares situada no bairro ara\u00e7agy, o dia foi de muita divers\u00e3o para a crian\u00e7ada, filhos e filhas dos militares puderam tomar banho na piscina, fazer tirolesa, combater um pequeno circuito de inc\u00eandio montado com toda seguran\u00e7a pelos bombeiros militares do CBMMA e tirar fotos nas viaturas da corpora\u00e7\u00e3o, al\u00e9m de experimentarem um delicioso buffet infantil oferecido pela associa\u00e7\u00e3o de oficiais.<\/p>\n<p><img loading=\"lazy\" decoding=\"async\" class=\"alignnone size-medium wp-image-32701\" src=\"https:\/\/cbm.ssp.ma.gov.br\/wp-content\/uploads\/2021\/10\/WhatsApp-Image-2021-10-13-at-17.40.35-300x225.jpeg\" alt=\"\" width=\"300\" height=\"225\" srcset=\"https:\/\/cbm.ssp.ma.gov.br\/wp-content\/uploads\/2021\/10\/WhatsApp-Image-2021-10-13-at-17.40.35-300x225.jpeg 300w, https:\/\/cbm.ssp.ma.gov.br\/wp-content\/uploads\/2021\/10\/WhatsApp-Image-2021-10-13-at-17.40.35-1024x768.jpeg 1024w, https:\/\/cbm.ssp.ma.gov.br\/wp-content\/uploads\/2021\/10\/WhatsApp-Image-2021-10-13-at-17.40.35-768x576.jpeg 768w, https:\/\/cbm.ssp.ma.gov.br\/wp-content\/uploads\/2021\/10\/WhatsApp-Image-2021-10-13-at-17.40.35-1536x1152.jpeg 1536w, https:\/\/cbm.ssp.ma.gov.br\/wp-content\/uploads\/2021\/10\/WhatsApp-Image-2021-10-13-at-17.40.35-86x64.jpeg 86w, https:\/\/cbm.ssp.ma.gov.br\/wp-content\/uploads\/2021\/10\/WhatsApp-Image-2021-10-13-at-17.40.35.jpeg 1600w\" sizes=\"auto, (max-width: 300px) 100vw, 300px\" \/><\/p>\n<p style=\"text-align: justify;\">Na ocasi\u00e3o, o presidente da associa\u00e7\u00e3o, Major QOCBM Lisboa falou um pouco sobre o evento \u201cnesta manh\u00e3 apresentamos um pouco da nossa rotina pra eles, e foi um momento tamb\u00e9m para que os militares pudessem compartilhar junto com seus filhos, sobrinhos e netos um pouco da sua profiss\u00e3o\u201d, completou o major.<\/p>\n<p><img loading=\"lazy\" decoding=\"async\" class=\"alignnone size-medium wp-image-32704\" src=\"https:\/\/cbm.ssp.ma.gov.br\/wp-content\/uploads\/2021\/10\/WhatsApp-Image-2021-10-13-at-17.40.31-300x300.jpeg\" alt=\"\" width=\"300\" height=\"300\" srcset=\"https:\/\/cbm.ssp.ma.gov.br\/wp-content\/uploads\/2021\/10\/WhatsApp-Image-2021-10-13-at-17.40.31-300x300.jpeg 300w, https:\/\/cbm.ssp.ma.gov.br\/wp-content\/uploads\/2021\/10\/WhatsApp-Image-2021-10-13-at-17.40.31-1024x1024.jpeg 1024w, https:\/\/cbm.ssp.ma.gov.br\/wp-content\/uploads\/2021\/10\/WhatsApp-Image-2021-10-13-at-17.40.31-150x150.jpeg 150w, https:\/\/cbm.ssp.ma.gov.br\/wp-content\/uploads\/2021\/10\/WhatsApp-Image-2021-10-13-at-17.40.31-768x768.jpeg 768w, https:\/\/cbm.ssp.ma.gov.br\/wp-content\/uploads\/2021\/10\/WhatsApp-Image-2021-10-13-at-17.40.31.jpeg 1500w\" sizes=\"auto, (max-width: 300px) 100vw, 300px\" \/><\/p>\n<p style=\"text-align: justify;\">O comandante-geral do CBMMA, o Cel QOCBM C\u00e9lio Roberto, tamb\u00e9m comentou sobre o dia de festa para as crian\u00e7as: &#8220;\u00c9 sempre uma alegria receber nossas crian\u00e7as, aqui elas aprendem brincando um pouco da profiss\u00e3o bombeiro militar, experimentando os equipamentos de prote\u00e7\u00e3o, brincando e se divertindo bastante.&#8221;<\/p>\n<div id='gallery-1' class='gallery galleryid-32695 gallery-columns-3 gallery-size-thumbnail'><figure class='gallery-item'>\n\t\t\t<div class='gallery-icon landscape'>\n\t\t\t\t<a href='https:\/\/cbm.ssp.ma.gov.br\/2021\/10\/13\/associacao-de-oficiais-promove-festa-no-dia-das-criancas\/whatsapp-image-2021-10-13-at-17-40-31-2\/'><img loading=\"lazy\" decoding=\"async\" width=\"150\" height=\"150\" src=\"https:\/\/cbm.ssp.ma.gov.br\/wp-content\/uploads\/2021\/10\/WhatsApp-Image-2021-10-13-at-17.40.31-2-150x150.jpeg\" class=\"attachment-thumbnail size-thumbnail\" alt=\"\" srcset=\"https:\/\/cbm.ssp.ma.gov.br\/wp-content\/uploads\/2021\/10\/WhatsApp-Image-2021-10-13-at-17.40.31-2-150x150.jpeg 150w, https:\/\/cbm.ssp.ma.gov.br\/wp-content\/uploads\/2021\/10\/WhatsApp-Image-2021-10-13-at-17.40.31-2-300x300.jpeg 300w, https:\/\/cbm.ssp.ma.gov.br\/wp-content\/uploads\/2021\/10\/WhatsApp-Image-2021-10-13-at-17.40.31-2-1024x1024.jpeg 1024w, https:\/\/cbm.ssp.ma.gov.br\/wp-content\/uploads\/2021\/10\/WhatsApp-Image-2021-10-13-at-17.40.31-2-768x768.jpeg 768w, https:\/\/cbm.ssp.ma.gov.br\/wp-content\/uploads\/2021\/10\/WhatsApp-Image-2021-10-13-at-17.40.31-2.jpeg 1500w\" sizes=\"auto, (max-width: 150px) 100vw, 150px\" \/><\/a>\n\t\t\t<\/div><\/figure><figure class='gallery-item'>\n\t\t\t<div class='gallery-icon landscape'>\n\t\t\t\t<a href='https:\/\/cbm.ssp.ma.gov.br\/2021\/10\/13\/associacao-de-oficiais-promove-festa-no-dia-das-criancas\/whatsapp-image-2021-10-13-at-17-40-32\/'><img loading=\"lazy\" decoding=\"async\" width=\"150\" height=\"150\" src=\"https:\/\/cbm.ssp.ma.gov.br\/wp-content\/uploads\/2021\/10\/WhatsApp-Image-2021-10-13-at-17.40.32-150x150.jpeg\" class=\"attachment-thumbnail size-thumbnail\" alt=\"\" srcset=\"https:\/\/cbm.ssp.ma.gov.br\/wp-content\/uploads\/2021\/10\/WhatsApp-Image-2021-10-13-at-17.40.32-150x150.jpeg 150w, https:\/\/cbm.ssp.ma.gov.br\/wp-content\/uploads\/2021\/10\/WhatsApp-Image-2021-10-13-at-17.40.32-300x300.jpeg 300w, https:\/\/cbm.ssp.ma.gov.br\/wp-content\/uploads\/2021\/10\/WhatsApp-Image-2021-10-13-at-17.40.32-1024x1024.jpeg 1024w, https:\/\/cbm.ssp.ma.gov.br\/wp-content\/uploads\/2021\/10\/WhatsApp-Image-2021-10-13-at-17.40.32-768x768.jpeg 768w, https:\/\/cbm.ssp.ma.gov.br\/wp-content\/uploads\/2021\/10\/WhatsApp-Image-2021-10-13-at-17.40.32.jpeg 1500w\" sizes=\"auto, (max-width: 150px) 100vw, 150px\" \/><\/a>\n\t\t\t<\/div><\/figure><figure class='gallery-item'>\n\t\t\t<div class='gallery-icon landscape'>\n\t\t\t\t<a href='https:\/\/cbm.ssp.ma.gov.br\/2021\/10\/13\/associacao-de-oficiais-promove-festa-no-dia-das-criancas\/whatsapp-image-2021-10-13-at-17-40-33\/'><img loading=\"lazy\" decoding=\"async\" width=\"150\" height=\"150\" src=\"https:\/\/cbm.ssp.ma.gov.br\/wp-content\/uploads\/2021\/10\/WhatsApp-Image-2021-10-13-at-17.40.33-150x150.jpeg\" class=\"attachment-thumbnail size-thumbnail\" alt=\"\" \/><\/a>\n\t\t\t<\/div><\/figure><figure class='gallery-item'>\n\t\t\t<div class='gallery-icon portrait'>\n\t\t\t\t<a href='https:\/\/cbm.ssp.ma.gov.br\/2021\/10\/13\/associacao-de-oficiais-promove-festa-no-dia-das-criancas\/whatsapp-image-2021-10-13-at-17-40-31-1\/'><img loading=\"lazy\" decoding=\"async\" width=\"150\" height=\"150\" src=\"https:\/\/cbm.ssp.ma.gov.br\/wp-content\/uploads\/2021\/10\/WhatsApp-Image-2021-10-13-at-17.40.31-1-150x150.jpeg\" class=\"attachment-thumbnail size-thumbnail\" alt=\"\" \/><\/a>\n\t\t\t<\/div><\/figure><figure class='gallery-item'>\n\t\t\t<div class='gallery-icon landscape'>\n\t\t\t\t<a href='https:\/\/cbm.ssp.ma.gov.br\/2021\/10\/13\/associacao-de-oficiais-promove-festa-no-dia-das-criancas\/whatsapp-image-2021-10-13-at-17-40-37\/'><img loading=\"lazy\" decoding=\"async\" width=\"150\" height=\"150\" src=\"https:\/\/cbm.ssp.ma.gov.br\/wp-content\/uploads\/2021\/10\/WhatsApp-Image-2021-10-13-at-17.40.37-150x150.jpeg\" class=\"attachment-thumbnail size-thumbnail\" alt=\"\" \/><\/a>\n\t\t\t<\/div><\/figure><figure class='gallery-item'>\n\t\t\t<div class='gallery-icon landscape'>\n\t\t\t\t<a href='https:\/\/cbm.ssp.ma.gov.br\/2021\/10\/13\/associacao-de-oficiais-promove-festa-no-dia-das-criancas\/whatsapp-image-2021-10-13-at-17-40-38-1\/'><img loading=\"lazy\" decoding=\"async\" width=\"150\" height=\"150\" src=\"https:\/\/cbm.ssp.ma.gov.br\/wp-content\/uploads\/2021\/10\/WhatsApp-Image-2021-10-13-at-17.40.38-1-150x150.jpeg\" class=\"attachment-thumbnail size-thumbnail\" alt=\"\" srcset=\"https:\/\/cbm.ssp.ma.gov.br\/wp-content\/uploads\/2021\/10\/WhatsApp-Image-2021-10-13-at-17.40.38-1-150x150.jpeg 150w, https:\/\/cbm.ssp.ma.gov.br\/wp-content\/uploads\/2021\/10\/WhatsApp-Image-2021-10-13-at-17.40.38-1-300x300.jpeg 300w, https:\/\/cbm.ssp.ma.gov.br\/wp-content\/uploads\/2021\/10\/WhatsApp-Image-2021-10-13-at-17.40.38-1-1024x1024.jpeg 1024w, https:\/\/cbm.ssp.ma.gov.br\/wp-content\/uploads\/2021\/10\/WhatsApp-Image-2021-10-13-at-17.40.38-1-768x768.jpeg 768w, https:\/\/cbm.ssp.ma.gov.br\/wp-content\/uploads\/2021\/10\/WhatsApp-Image-2021-10-13-at-17.40.38-1.jpeg 1500w\" sizes=\"auto, (max-width: 150px) 100vw, 150px\" \/><\/a>\n\t\t\t<\/div><\/figure>\n\t\t<\/div>\n\n","protected":false},"excerpt":{"rendered":"<p>Na manh\u00e3 desta ter\u00e7a, (12), o Corpo de Bombeiros Militar do Maranh\u00e3o (CBMMA) promoveu uma manh\u00e3 muito especial no dia das crian\u00e7as. Na associa\u00e7\u00e3o de oficiais dos bombeiros militares situada no bairro ara\u00e7agy, o dia foi de muita divers\u00e3o para a crian\u00e7ada, filhos e filhas dos militares puderam tomar banho na piscina, fazer tirolesa, combater [&hellip;]<\/p>\n","protected":false},"author":31,"featured_media":32707,"comment_status":"open","ping_status":"open","sticky":false,"template":"","format":"standard","meta":{"footnotes":""},"categories":[11],"tags":[],"class_list":["post-32695","post","type-post","status-publish","format-standard","has-post-thumbnail","hentry","category-noticias"],"_links":{"self":[{"href":"https:\/\/cbm.ssp.ma.gov.br\/wp-json\/wp\/v2\/posts\/32695","targetHints":{"allow":["GET"]}}],"collection":[{"href":"https:\/\/cbm.ssp.ma.gov.br\/wp-json\/wp\/v2\/posts"}],"about":[{"href":"https:\/\/cbm.ssp.ma.gov.br\/wp-json\/wp\/v2\/types\/post"}],"author":[{"embeddable":true,"href":"https:\/\/cbm.ssp.ma.gov.br\/wp-json\/wp\/v2\/users\/31"}],"replies":[{"embeddable":true,"href":"https:\/\/cbm.ssp.ma.gov.br\/wp-json\/wp\/v2\/comments?post=32695"}],"version-history":[{"count":1,"href":"https:\/\/cbm.ssp.ma.gov.br\/wp-json\/wp\/v2\/posts\/32695\/revisions"}],"predecessor-version":[{"id":32712,"href":"https:\/\/cbm.ssp.ma.gov.br\/wp-json\/wp\/v2\/posts\/32695\/revisions\/32712"}],"wp:featuredmedia":[{"embeddable":true,"href":"https:\/\/cbm.ssp.ma.gov.br\/wp-json\/wp\/v2\/media\/32707"}],"wp:attachment":[{"href":"https:\/\/cbm.ssp.ma.gov.br\/wp-json\/wp\/v2\/media?parent=32695"}],"wp:term":[{"taxonomy":"category","embeddable":true,"href":"https:\/\/cbm.ssp.ma.gov.br\/wp-json\/wp\/v2\/categories?post=32695"},{"taxonomy":"post_tag","embeddable":true,"href":"https:\/\/cbm.ssp.ma.gov.br\/wp-json\/wp\/v2\/tags?post=32695"}],"curies":[{"name":"wp","href":"https:\/\/api.w.org\/{rel}","templated":true}]}}